[{"@context":"https:\/\/schema.org\/","@type":"Article","@id":"https:\/\/www.zzvp.sk\/strajk-v-automobilke\/#Article","mainEntityOfPage":"https:\/\/www.zzvp.sk\/strajk-v-automobilke\/","headline":"\u0160trajk v automobilke","name":"\u0160trajk v automobilke","description":"Ako ste u\u017e mo\u017eno po\u010duli z\u00a0r\u00f4znych m\u00e9di\u00ed \u017ee\u00a0 pr\u00e1ve \u00a0prebieha ostr\u00fd \u0161trajk v\u00a0najv\u00e4\u010d\u0161ej automobilke na Slovenku. Trv\u00e1 to u\u017e dlho a\u00a0zatia\u013e \u017eiadna odpove\u010f od nich sa nedostala. Fandia im pracuj\u00faci \u013eudia , odbor\u00e1ri z\u00a0cel\u00e9ho Slovenska . \u013eudia \u00a0z\u00a0celej republiky sa na nich pozeraj\u00fa z\u00a0n\u00e1dejou \u017ee uk\u00e1zali \u017ee sa vedia postavi\u0165 za svoje po\u017eiadavky o\u00a0ktor\u00e9 \u017eiadaj\u00fa. [&hellip;]","datePublished":"2017-05-28","dateModified":"2017-05-28","author":{"@type":"Person","@id":"https:\/\/www.zzvp.sk\/author\/#Person","name":"","url":"https:\/\/www.zzvp.sk\/author\/","identifier":1,"image":{"@type":"ImageObject","@id":"https:\/\/secure.gravatar.com\/avatar\/633c8fb9866a4b0403353760c35030d9478298d226363320d7bf91cdc3dbe3b6?s=96&d=mm&r=g","url":"https:\/\/secure.gravatar.com\/avatar\/633c8fb9866a4b0403353760c35030d9478298d226363320d7bf91cdc3dbe3b6?s=96&d=mm&r=g","height":96,"width":96}},"publisher":{"@type":"Organization","name":"zzvp.sk","logo":{"@type":"ImageObject","@id":"\/logo.png","url":"\/logo.png","width":600,"height":60}},"image":{"@type":"ImageObject","@id":"https:\/\/www.zzvp.sk\/wp-content\/uploads\/img_a281785_w2010_t1501253350.png","url":"https:\/\/www.zzvp.sk\/wp-content\/uploads\/img_a281785_w2010_t1501253350.png","height":0,"width":0},"url":"https:\/\/www.zzvp.sk\/strajk-v-automobilke\/","wordCount":362,"articleBody":"Ako ste u\u017e mo\u017eno po\u010duli z\u00a0r\u00f4znych m\u00e9di\u00ed \u017ee\u00a0 pr\u00e1ve \u00a0prebieha ostr\u00fd \u0161trajk v\u00a0najv\u00e4\u010d\u0161ej automobilke na Slovenku. Trv\u00e1 to u\u017e dlho a\u00a0zatia\u013e \u017eiadna odpove\u010f od nich sa nedostala.Fandia im pracuj\u00faci \u013eudia , odbor\u00e1ri z\u00a0cel\u00e9ho Slovenska . \u013eudia \u00a0z\u00a0celej republiky sa na nich pozeraj\u00fa z\u00a0n\u00e1dejou \u017ee uk\u00e1zali \u017ee sa vedia postavi\u0165 za svoje po\u017eiadavky o\u00a0ktor\u00e9 \u017eiadaj\u00fa. Aj napriek tomu \u017ee maj\u00fa rozdielne n\u00e1zory, a \u00a0tak\u00fd z\u00e1ujem o\u00a0zlep\u0161enie soci\u00e1lneho a\u00a0ekonomick\u00e9ho zlep\u0161enia sa dostali do nejakej dohody a\u00a0\u010dakaj\u00fa na potvrdenie. Zamestnanci dali n\u00e1vrh v\u00a0ktorom \u017eiadaj\u00fa aby si od 1.j\u00fana 2017 do 31.decembra 2018 nav\u00fd\u0161ila mzda o\u00a013,8 percent a\u00a0to sa m\u00e1 podl\u00e1 nich rozdeli\u0165 na de \u010dasti a\u00a0to od 1.juna 2017 do 31.m\u00e1ja 2018 chceli aby sa zv\u00fd\u0161ila mzda o\u00a08,9 percent a\u00a0druh \u010das\u0165 od 1.juna do 31.decembra 2018 o\u00a05 percent. No zatia\u013e je to n\u00e1vrh ktor\u00fd je v\u00a0ruk\u00e1ch zamestn\u00e1vate\u013eov a\u00a0tak sa na prvotn\u00e9 vyjadrenie a\u00a0dohodnutiu sa ako to bude \u010falej. Posledn\u00fd \u0161trajk bol 20.06. v\u00a0rann\u00fdch hodin\u00e1ch a\u00a0ak ned\u00f4jde k\u00a0dohode \u0161trajk bude pokra\u010dova\u0165 26.06. 2017 pred br\u00e1nami z\u00e1vodu.Spolo\u010dnos\u0165 VW D\u00fafa \u017de sa dohodn\u00fa a\u00a0uzavr\u00fa situ\u00e1ciu\u00a0 \u010do najr\u00fdchlej\u0161om \u010dase a\u00a0za\u010dne sa op\u00e4\u0165 sp\u00fa\u0161\u0165a\u0165 v\u00fdroba automobilkou.Na samotn\u00fd z\u00e1ver dod\u00e1m \u017ee WV uv\u00e1dza v\u00a0mediach \u017ee ponuka nad\u0161tandardne\u00a0 platy\u00a0 a\u00a0platov\u00e9 ohodnotenie , 13-ty a\u00a014 \u2013 ty plat a\u00a0mnoho v\u00fdhod ktor\u00e1 automobilka pon\u00faka. Ale ako m\u00f4\u017eete vidie\u0165 tak platy zamestnancovu VW nie je\u00a0 to \u010do samotn\u00e1 automobilka ponuka.\u00a0 Ide vstupn\u00e9 \u00a0ak\u00e9 si l\u00e1kadlo aby mohli nabra\u0165 nov\u00fdch zamestnancovu pod z\u00e1mienkou vysok\u00e9ho platu a\u00a0nakoniec zistia \u017ee ich oklamali a\u00a0potom vznikaj\u00fa \u0161trajky a\u00a0p\u00fdtaj\u00fa si to \u010do im s\u013e\u00fabili pri vstupe do zamestnania .Pokia\u013e tento \u010dl\u00e1nok \u010d\u00edtate u\u017e po skon\u010den\u00ed \u0161trajku alebo po vz\u00e1jomnej dohode\u00a0 , berte tento \u010dl\u00e1nok\u00a0 pros\u00edm ako n\u00e1zor ktor\u00fd prezentuj\u00fa mnoh\u00fd \u013eudia nie len z VW v\u00fdroby ale aj \u013eudia po celom Slovensku.                                                                                                                                                                                                                                                                                                                                                                                                "},{"@context":"https:\/\/schema.org\/","@type":"BreadcrumbList","itemListElement":[{"@type":"ListItem","position":1,"name":"\u0160trajk v automobilke","item":"https:\/\/www.zzvp.sk\/strajk-v-automobilke\/#breadcrumbitem"}]}]